{"id":839,"date":"2022-03-14T11:39:32","date_gmt":"2022-03-14T11:39:32","guid":{"rendered":"https:\/\/www.foerdervereinbv.de\/?p=839"},"modified":"2022-05-10T08:33:15","modified_gmt":"2022-05-10T08:33:15","slug":"newsletter-nr-15","status":"publish","type":"post","link":"https:\/\/www.foerdervereinbv.de\/index.php\/2022\/03\/14\/newsletter-nr-15\/","title":{"rendered":"Newsletter Nr. 15"},"content":{"rendered":"\t\t<div data-elementor-type=\"wp-post\" data-elementor-id=\"839\" class=\"elementor elementor-839\">\n\t\t\t\t\t\t\t\t\t<section class=\"elementor-section elementor-top-section elementor-element elementor-element-7b8f670 elementor-section-boxed elementor-section-height-default elementor-section-height-default\" data-id=\"7b8f670\" data-element_type=\"section\" data-settings=\"{&quot;background_background&quot;:&quot;classic&quot;}\">\n\t\t\t\t\t\t<div class=\"elementor-container elementor-column-gap-default\">\n\t\t\t\t\t<div class=\"elementor-column elementor-col-100 elementor-top-column elementor-element elementor-element-bcb79a5\" data-id=\"bcb79a5\" data-element_type=\"column\">\n\t\t\t<div class=\"elementor-widget-wrap elementor-element-populated\">\n\t\t\t\t\t\t\t\t<div class=\"elementor-element elementor-element-7b8533fe elementor-widget elementor-widget-image\" data-id=\"7b8533fe\" data-element_type=\"widget\" data-widget_type=\"image.default\">\n\t\t\t\t<div class=\"elementor-widget-container\">\n\t\t\t<style>\/*! elementor - v3.6.5 - 27-04-2022 *\/\n.elementor-widget-image{text-align:center}.elementor-widget-image a{display:inline-block}.elementor-widget-image a img[src$=\".svg\"]{width:48px}.elementor-widget-image img{vertical-align:middle;display:inline-block}<\/style>\t\t\t\t\t\t\t\t\t\t\t\t<img loading=\"lazy\" decoding=\"async\" width=\"1200\" height=\"800\" src=\"https:\/\/www.foerdervereinbv.de\/wp-content\/uploads\/2022\/03\/picture-0046.jpg\" class=\"attachment-full size-full\" alt=\"\" srcset=\"https:\/\/www.foerdervereinbv.de\/wp-content\/uploads\/2022\/03\/picture-0046.jpg 1200w, https:\/\/www.foerdervereinbv.de\/wp-content\/uploads\/2022\/03\/picture-0046-300x200.jpg 300w, https:\/\/www.foerdervereinbv.de\/wp-content\/uploads\/2022\/03\/picture-0046-1024x683.jpg 1024w, https:\/\/www.foerdervereinbv.de\/wp-content\/uploads\/2022\/03\/picture-0046-768x512.jpg 768w\" sizes=\"auto, (max-width: 1200px) 100vw, 1200px\" \/>\t\t\t\t\t\t\t\t\t\t\t\t\t\t\t<\/div>\n\t\t\t\t<\/div>\n\t\t\t\t<div class=\"elementor-element elementor-element-36c9be53 elementor-widget elementor-widget-spacer\" data-id=\"36c9be53\" data-element_type=\"widget\" data-widget_type=\"spacer.default\">\n\t\t\t\t<div class=\"elementor-widget-container\">\n\t\t\t<style>\/*! elementor - v3.6.5 - 27-04-2022 *\/\n.e-container.e-container--row .elementor-spacer-inner{width:var(--spacer-size)}.e-container.e-container--column .elementor-spacer-inner,.elementor-column .elementor-spacer-inner{height:var(--spacer-size)}<\/style>\t\t<div class=\"elementor-spacer\">\n\t\t\t<div class=\"elementor-spacer-inner\"><\/div>\n\t\t<\/div>\n\t\t\t\t<\/div>\n\t\t\t\t<\/div>\n\t\t\t\t<div class=\"elementor-element elementor-element-144bf5ca elementor-widget elementor-widget-heading\" data-id=\"144bf5ca\" data-element_type=\"widget\" data-widget_type=\"heading.default\">\n\t\t\t\t<div class=\"elementor-widget-container\">\n\t\t\t<style>\/*! elementor - v3.6.5 - 27-04-2022 *\/\n.elementor-heading-title{padding:0;margin:0;line-height:1}.elementor-widget-heading .elementor-heading-title[class*=elementor-size-]>a{color:inherit;font-size:inherit;line-height:inherit}.elementor-widget-heading .elementor-heading-title.elementor-size-small{font-size:15px}.elementor-widget-heading .elementor-heading-title.elementor-size-medium{font-size:19px}.elementor-widget-heading .elementor-heading-title.elementor-size-large{font-size:29px}.elementor-widget-heading .elementor-heading-title.elementor-size-xl{font-size:39px}.elementor-widget-heading .elementor-heading-title.elementor-size-xxl{font-size:59px}<\/style><h2 class=\"elementor-heading-title elementor-size-default\">Newsletter Nr. 15<\/h2>\t\t<\/div>\n\t\t\t\t<\/div>\n\t\t\t\t<div class=\"elementor-element elementor-element-5df9a5a8 elementor-widget elementor-widget-text-editor\" data-id=\"5df9a5a8\" data-element_type=\"widget\" data-widget_type=\"text-editor.default\">\n\t\t\t\t<div class=\"elementor-widget-container\">\n\t\t\t<style>\/*! elementor - v3.6.5 - 27-04-2022 *\/\n.elementor-widget-text-editor.elementor-drop-cap-view-stacked .elementor-drop-cap{background-color:#818a91;color:#fff}.elementor-widget-text-editor.elementor-drop-cap-view-framed .elementor-drop-cap{color:#818a91;border:3px solid;background-color:transparent}.elementor-widget-text-editor:not(.elementor-drop-cap-view-default) .elementor-drop-cap{margin-top:8px}.elementor-widget-text-editor:not(.elementor-drop-cap-view-default) .elementor-drop-cap-letter{width:1em;height:1em}.elementor-widget-text-editor .elementor-drop-cap{float:left;text-align:center;line-height:1;font-size:50px}.elementor-widget-text-editor .elementor-drop-cap-letter{display:inline-block}<\/style>\t\t\t\t<div class=\"page\" title=\"Page 1\"><div class=\"layoutArea\"><div class=\"column\"><h4><strong>Liebe Freunde und Fo\u0308rderer des Balletts Vorpommern:<\/strong><\/h4><div title=\"Page 1\"><div class=\"page\" title=\"Page 1\"><div class=\"layoutArea\"><div class=\"column\"><div class=\"page\" title=\"Page 2\"><div class=\"layoutArea\"><div class=\"page\" title=\"Page 3\"><div class=\"layoutArea\"><div class=\"column\"><div class=\"page\" title=\"Page 1\"><div class=\"layoutArea\"><div class=\"column\"><div class=\"page\" title=\"Page 1\"><div class=\"layoutArea\"><div class=\"column\"><div class=\"page\" title=\"Page 2\"><div class=\"layoutArea\"><div class=\"column\"><div class=\"page\" title=\"Page 3\"><div class=\"layoutArea\"><div class=\"column\"><div class=\"page\" title=\"Page 4\"><div class=\"layoutArea\"><div class=\"column\"><div class=\"page\" title=\"Page 1\"><div class=\"layoutArea\"><div class=\"column\"><div class=\"page\" title=\"Page 1\"><div class=\"layoutArea\"><div class=\"column\"><p>Es sind schwierige Zeiten \u2013 gerade hat man den Eindruck, dass die Pandemie sich halbwegs abk\u00fchlt, wird die Ukraine heimt\u00fcckisch \u00fcberfallen. Auch der Vorstand des F\u00f6rder\u00advereines BallettVorpommern verurteilt diesen sinnlosen Krieg und wir verweisen hier auf das treffende Zitat von Lew Kopelew, das vom Theater Vorpommern dazu ausgesucht wurde:<\/p><p><em>Jetzt ist es h\u00f6chste Zeit, die Kunst des Friedensstiftens, die \u00c4sthetik und das Heldentum des Friedens zu erkennen; denn heute wissen wir, dass den Frieden zu meistern viel schwieriger, viel komplizierter ist, als einen Krieg zu f\u00fchren.\u00a0\u00a0 \u00a0<\/em><\/p><p>Wir m\u00f6chten Ihnen hiermit den f\u00fcnfzehnten Newsletter des F\u00f6rdervereins BallettVorpommern zusenden. Es geht um die Wiederaufnahme von \u201eUnd die Seele unbewacht\u201c und die neue M\u00f6glichkeit, die Mitgliedsbeitr\u00e4ge \u00fcber das SEPA-Verfahren abzuwickeln.<\/p><h5>Premiere \u201eUnd die Seele unbewacht\u201c<\/h5><p>Am 25. Februar im gro\u00dfen Haus Stralsund und am 27. Februar im Gro\u00dfen Haus Greifswald fand die Wiederaufnahme des Balletts \u201eUnd die Seele unbewacht\u201c statt. Das Ensemble hat sich seit der Premiere im Oktober 2019 stark ver\u00e4ndert, so dass ein v\u00f6llig neuer Eindruck entstand. Das fast perfekte Zusammenspiel und die t\u00e4nzerische Qualit\u00e4t haben das Publikum begeistert, was sich in langem Applaus mit vielen Bravo-Rufen wiedergespiegelt hat. Man merkte deutlich, wie sehr das Ensemble es genossen hat, wieder vor Publikum auf der B\u00fchne zu stehen.<\/p><\/div><\/div><\/div><div class=\"page\" title=\"Page 1\"><div class=\"layoutArea\"><p>\u00a0<\/p><p>\u00a0<\/p><p>Erneut hervorragend zur Geltung gekommen ist die komplex geformte \u201eWolke\u201c, die der Stimmung entsprechend illuminiert \u00fcber der B\u00fchne schwebt (siehe Foto). Sie konnte nur durch eine Zuwendung vom F\u00f6rderverein BallettVorpommern realisiert werden. Die beiden letzten Auff\u00fchrungen des Balletts sind am 5. M\u00e4rz im Gro\u00dfen Haus Stralsund und am 18. M\u00e4rz im Gro\u00dfen Haus Greifswald. Verpassen Sie nicht diese Gelegenheit!<\/p><div class=\"column\"><div class=\"page\" title=\"Page 2\"><div class=\"layoutArea\"><div class=\"column\"><div class=\"page\" title=\"Page 3\"><div class=\"layoutArea\"><div class=\"column\"><div class=\"page\" title=\"Page 3\"><div class=\"layoutArea\"><div class=\"column\"><div class=\"page\" title=\"Page 4\"><div class=\"layoutArea\"><div class=\"column\"><div class=\"page\" title=\"Page 5\">\u00a0<\/div><\/div><\/div><\/div><\/div><\/div><\/div><\/div><\/div><\/div><\/div><\/div><\/div><\/div><\/div><\/div><\/div><\/div><\/div><\/div><\/div><\/div><\/div><\/div><\/div><\/div><\/div><\/div><\/div><\/div><\/div><\/div><\/div><\/div><\/div><\/div><\/div><\/div><\/div><\/div><\/div><\/div><\/div><\/div><\/div><\/div>\t\t\t\t\t\t<\/div>\n\t\t\t\t<\/div>\n\t\t\t\t<section class=\"elementor-section elementor-inner-section elementor-element elementor-element-7574af9 elementor-section-boxed elementor-section-height-default elementor-section-height-default\" data-id=\"7574af9\" data-element_type=\"section\">\n\t\t\t\t\t\t<div class=\"elementor-container elementor-column-gap-default\">\n\t\t\t\t\t<div class=\"elementor-column elementor-col-50 elementor-inner-column elementor-element elementor-element-adca983\" data-id=\"adca983\" data-element_type=\"column\">\n\t\t\t<div class=\"elementor-widget-wrap elementor-element-populated\">\n\t\t\t\t\t\t\t\t<div class=\"elementor-element elementor-element-78d3621 elementor-widget elementor-widget-image\" data-id=\"78d3621\" data-element_type=\"widget\" data-widget_type=\"image.default\">\n\t\t\t\t<div class=\"elementor-widget-container\">\n\t\t\t\t\t\t\t\t\t\t\t\t<figure class=\"wp-caption\">\n\t\t\t\t\t\t\t\t\t\t<img loading=\"lazy\" decoding=\"async\" width=\"580\" height=\"387\" src=\"https:\/\/www.foerdervereinbv.de\/wp-content\/uploads\/2022\/03\/picture-0015-1024x683.jpg\" class=\"attachment-large size-large\" alt=\"\" srcset=\"https:\/\/www.foerdervereinbv.de\/wp-content\/uploads\/2022\/03\/picture-0015-1024x683.jpg 1024w, https:\/\/www.foerdervereinbv.de\/wp-content\/uploads\/2022\/03\/picture-0015-300x200.jpg 300w, https:\/\/www.foerdervereinbv.de\/wp-content\/uploads\/2022\/03\/picture-0015-768x512.jpg 768w, https:\/\/www.foerdervereinbv.de\/wp-content\/uploads\/2022\/03\/picture-0015.jpg 1200w\" sizes=\"auto, (max-width: 580px) 100vw, 580px\" \/>\t\t\t\t\t\t\t\t\t\t\t<figcaption class=\"widget-image-caption wp-caption-text\">B\u00e1rbara Flora und Stefano Fossat (vorne) in \u201eTristan\u201c <\/figcaption>\n\t\t\t\t\t\t\t\t\t\t<\/figure>\n\t\t\t\t\t\t\t\t\t<\/div>\n\t\t\t\t<\/div>\n\t\t\t\t\t<\/div>\n\t\t<\/div>\n\t\t\t\t<div class=\"elementor-column elementor-col-50 elementor-inner-column elementor-element elementor-element-e58eb21\" data-id=\"e58eb21\" data-element_type=\"column\">\n\t\t\t<div class=\"elementor-widget-wrap elementor-element-populated\">\n\t\t\t\t\t\t\t\t<div class=\"elementor-element elementor-element-75a33e5 elementor-widget elementor-widget-image\" data-id=\"75a33e5\" data-element_type=\"widget\" data-widget_type=\"image.default\">\n\t\t\t\t<div class=\"elementor-widget-container\">\n\t\t\t\t\t\t\t\t\t\t\t\t<figure class=\"wp-caption\">\n\t\t\t\t\t\t\t\t\t\t<img loading=\"lazy\" decoding=\"async\" width=\"580\" height=\"387\" src=\"https:\/\/www.foerdervereinbv.de\/wp-content\/uploads\/2022\/03\/picture-0046-1024x683.jpg\" class=\"attachment-large size-large\" alt=\"\" srcset=\"https:\/\/www.foerdervereinbv.de\/wp-content\/uploads\/2022\/03\/picture-0046-1024x683.jpg 1024w, https:\/\/www.foerdervereinbv.de\/wp-content\/uploads\/2022\/03\/picture-0046-300x200.jpg 300w, https:\/\/www.foerdervereinbv.de\/wp-content\/uploads\/2022\/03\/picture-0046-768x512.jpg 768w, https:\/\/www.foerdervereinbv.de\/wp-content\/uploads\/2022\/03\/picture-0046.jpg 1200w\" sizes=\"auto, (max-width: 580px) 100vw, 580px\" \/>\t\t\t\t\t\t\t\t\t\t\t<figcaption class=\"widget-image-caption wp-caption-text\">und das Ensemble in \u201eletzte Lieder\u201c \u00a9 Thomas Meyer<\/figcaption>\n\t\t\t\t\t\t\t\t\t\t<\/figure>\n\t\t\t\t\t\t\t\t\t<\/div>\n\t\t\t\t<\/div>\n\t\t\t\t\t<\/div>\n\t\t<\/div>\n\t\t\t\t\t\t\t<\/div>\n\t\t<\/section>\n\t\t\t\t<div class=\"elementor-element elementor-element-a8d39bf elementor-widget elementor-widget-text-editor\" data-id=\"a8d39bf\" data-element_type=\"widget\" data-widget_type=\"text-editor.default\">\n\t\t\t\t<div class=\"elementor-widget-container\">\n\t\t\t\t\t\t\t<div class=\"column\"><div class=\"page\" title=\"Page 2\"><div class=\"layoutArea\"><div class=\"column\"><div class=\"page\" title=\"Page 3\"><div class=\"layoutArea\"><div class=\"column\"><div class=\"page\" title=\"Page 3\"><div class=\"layoutArea\"><div class=\"column\"><div class=\"page\" title=\"Page 4\"><div class=\"layoutArea\"><div class=\"column\"><div class=\"page\" title=\"Page 5\"><div class=\"layoutArea\"><div class=\"column\"><h5>Bitte um SEPA -Mandat f\u00fcr Mitgliedsbeitr\u00e4ge<\/h5><p>Sofern eine \u00dcberweisung noch nicht geschehen ist, m\u00f6chten wir Sie h\u00f6flich an Ihren <strong>Jahresbeitrag f\u00fcr das laufende Jahr 2022<\/strong> erinnern. <strong>Bitte \u00fcberpr\u00fcfen Sie auch das Jahr 2021<\/strong>, da der F\u00f6rder\u00adverein hier noch viele offene Beitr\u00e4ge hat, in dem Jahr aber umf\u00e4ngliche F\u00f6rderungen vornahm.\u00a0\u00a0\u00a0<\/p><p>Bitte verwenden Sie zur \u00dcberweisung die Kontoverbindung:<\/p><p><em>Sparkasse Vorpommern IBAN <\/em><em>DE98 1505 0500 0102 0970 20<\/em><\/p><p>Seit Anfang des Jahres hat die Sparkasse Vorpommern dem F\u00f6rderverein BallettVorpommern die M\u00f6glichkeit zum SEPA-Einzug er\u00f6ffnet. Bitte f\u00fcllen Sie dazu die angeh\u00e4ngte Erkl\u00e4rung aus \u2013 auch wenn Sie den diesj\u00e4hrigen Beitrag bereits \u00fcberwiesen haben \u2013 und senden sie diese ausgef\u00fcllt <strong>per Post <\/strong>oder <strong>als<\/strong> <strong>Scan per E-Mail<\/strong> an <em>F\u00f6rderverein BallettVorpommern, Wolgaster Stra\u00dfe 40, 17489 Greifswald, foerdervereinbv@gmail.com<\/em>. Damit wird Ihr Mitgliedsbeitrag in Zukunft automatisch eingezogen und Sie haben nicht mehr die Sorge, die rechtzeitige \u00dcberweisung zu vergessen. \u00a0<\/p><p>Mitgliedsbeitr\u00e4ge pro Jahr:<\/p><p>Einzelperson: 60 \u20ac<br \/>Partner: 30 \u20ac<br \/>Doppelmitgliedschaft mit Hebeb\u00fchne e.V.: 40 \u20ac<br \/>Erm\u00e4\u00dfigt: 15 \u20ac<\/p><\/div><p><a href=\"https:\/\/www.foerdervereinbv.de\/wp-content\/uploads\/2022\/02\/SEPA-Formular.pdf\" target=\"_blank\" rel=\"noopener\">SEPA-Lastschrift-Formular<\/a><\/p><\/div><h5>Danksagung<\/h5><div class=\"layoutArea\"><div class=\"column\"><p><strong>Wir danken herzlich allen Mitgliedern, Spendern und Sponsoren.<\/strong> Ohne Ihre Gro\u00dfzu\u0308gigkeit ko\u0308nnten wir das BallettVorpommern nicht so umfassend unterstu\u0308tzen, wie das jetzt der Fall ist. Ein besonderer Dank gilt der Dr. Julius &amp; Gu\u0308nter Budde Stiftung (<a href=\"https:\/\/budde-stiftung.de\" target=\"_blank\" rel=\"noopener\">https:\/\/budde-stiftung.de<\/a>) fu\u0308r ihre gro\u00dfzu\u0308gige Unterstu\u0308tzung.<\/p><p>Sie alle tragen damit zur Entwicklung und zum Erhalt dieses gro\u00dfartigen Kulturgutes in Vorpommern bei.<\/p><p>Herzlichst, Ihr Vorstand des Fo\u0308rdervereins BallettVorpommern<\/p><\/div><\/div><\/div><\/div><\/div><\/div><\/div><\/div><\/div><\/div><\/div><\/div><\/div><\/div><\/div><\/div>\t\t\t\t\t\t<\/div>\n\t\t\t\t<\/div>\n\t\t\t\t\t<\/div>\n\t\t<\/div>\n\t\t\t\t\t\t\t<\/div>\n\t\t<\/section>\n\t\t\t\t\t\t\t<\/div>\n\t\t","protected":false},"excerpt":{"rendered":"<p>Newsletter Nr. 15 Liebe Freunde und Fo\u0308rderer des Balletts Vorpommern: Es sind schwierige Zeiten \u2013 gerade hat man den Eindruck, dass die Pandemie sich halbwegs abk\u00fchlt, wird die Ukraine heimt\u00fcckisch \u00fcberfallen. Auch der Vorstand des F\u00f6rder\u00advereines BallettVorpommern verurteilt diesen sinnlosen Krieg und wir verweisen hier auf das treffende Zitat von Lew Kopelew, das vom Theater [&hellip;]<\/p>\n","protected":false},"author":1,"featured_media":859,"comment_status":"closed","ping_status":"closed","sticky":false,"template":"elementor_header_footer","format":"standard","meta":{"footnotes":""},"categories":[5],"tags":[],"class_list":["post-839","post","type-post","status-publish","format-standard","has-post-thumbnail","hentry","category-newsletter"],"_links":{"self":[{"href":"https:\/\/www.foerdervereinbv.de\/index.php\/wp-json\/wp\/v2\/posts\/839","targetHints":{"allow":["GET"]}}],"collection":[{"href":"https:\/\/www.foerdervereinbv.de\/index.php\/wp-json\/wp\/v2\/posts"}],"about":[{"href":"https:\/\/www.foerdervereinbv.de\/index.php\/wp-json\/wp\/v2\/types\/post"}],"author":[{"embeddable":true,"href":"https:\/\/www.foerdervereinbv.de\/index.php\/wp-json\/wp\/v2\/users\/1"}],"replies":[{"embeddable":true,"href":"https:\/\/www.foerdervereinbv.de\/index.php\/wp-json\/wp\/v2\/comments?post=839"}],"version-history":[{"count":55,"href":"https:\/\/www.foerdervereinbv.de\/index.php\/wp-json\/wp\/v2\/posts\/839\/revisions"}],"predecessor-version":[{"id":915,"href":"https:\/\/www.foerdervereinbv.de\/index.php\/wp-json\/wp\/v2\/posts\/839\/revisions\/915"}],"wp:featuredmedia":[{"embeddable":true,"href":"https:\/\/www.foerdervereinbv.de\/index.php\/wp-json\/wp\/v2\/media\/859"}],"wp:attachment":[{"href":"https:\/\/www.foerdervereinbv.de\/index.php\/wp-json\/wp\/v2\/media?parent=839"}],"wp:term":[{"taxonomy":"category","embeddable":true,"href":"https:\/\/www.foerdervereinbv.de\/index.php\/wp-json\/wp\/v2\/categories?post=839"},{"taxonomy":"post_tag","embeddable":true,"href":"https:\/\/www.foerdervereinbv.de\/index.php\/wp-json\/wp\/v2\/tags?post=839"}],"curies":[{"name":"wp","href":"https:\/\/api.w.org\/{rel}","templated":true}]}}